{"id":1991,"date":"2025-12-29T19:36:46","date_gmt":"2025-12-29T19:36:46","guid":{"rendered":"https:\/\/gopslubniany.pl\/?p=1991"},"modified":"2026-01-14T12:07:58","modified_gmt":"2026-01-14T12:07:58","slug":"program-asystent-osobisty-osoby-z-niepelnosprawnoscia-dla-jednostek-samorzadu-terytorialnego-edycja-2026","status":"publish","type":"post","link":"http:\/\/gopslubniany.pl\/index.php\/2025\/12\/29\/program-asystent-osobisty-osoby-z-niepelnosprawnoscia-dla-jednostek-samorzadu-terytorialnego-edycja-2026\/","title":{"rendered":"Program \u201eAsystent osobisty osoby z niepe\u0142nosprawno\u015bci\u0105\u201d dla Jednostek Samorz\u0105du Terytorialnego \u2013 edycja 2026"},"content":{"rendered":"<span class=\"span-reading-time rt-reading-time\" style=\"display: block;\"><span class=\"rt-label rt-prefix\">Czas czytania: <\/span> <span class=\"rt-time\"> 2<\/span> <span class=\"rt-label rt-postfix\">minuty<\/span><\/span>\n<div style=\"height:40px\" aria-hidden=\"true\" class=\"wp-block-spacer\"><\/div>\n\n\n<div class=\"wp-block-image\">\n<figure class=\"aligncenter size-large is-resized\"><img loading=\"lazy\" decoding=\"async\" width=\"1024\" height=\"302\" src=\"http:\/\/gopslubniany.pl\/wp-content\/uploads\/2026\/01\/0A3E93BB-228F-41F7-826D-BA3D32376EA6-1024x302.jpg\" alt=\"\" class=\"wp-image-2007\" style=\"width:583px;height:auto\" srcset=\"http:\/\/gopslubniany.pl\/wp-content\/uploads\/2026\/01\/0A3E93BB-228F-41F7-826D-BA3D32376EA6-1024x302.jpg 1024w, http:\/\/gopslubniany.pl\/wp-content\/uploads\/2026\/01\/0A3E93BB-228F-41F7-826D-BA3D32376EA6-300x88.jpg 300w, http:\/\/gopslubniany.pl\/wp-content\/uploads\/2026\/01\/0A3E93BB-228F-41F7-826D-BA3D32376EA6-768x227.jpg 768w, http:\/\/gopslubniany.pl\/wp-content\/uploads\/2026\/01\/0A3E93BB-228F-41F7-826D-BA3D32376EA6-825x243.jpg 825w, http:\/\/gopslubniany.pl\/wp-content\/uploads\/2026\/01\/0A3E93BB-228F-41F7-826D-BA3D32376EA6-600x177.jpg 600w, http:\/\/gopslubniany.pl\/wp-content\/uploads\/2026\/01\/0A3E93BB-228F-41F7-826D-BA3D32376EA6-400x118.jpg 400w, http:\/\/gopslubniany.pl\/wp-content\/uploads\/2026\/01\/0A3E93BB-228F-41F7-826D-BA3D32376EA6.jpg 1234w\" sizes=\"auto, (max-width: 1024px) 100vw, 1024px\" \/><\/figure><\/div>\n\n\n<h2 class=\"wp-block-heading has-text-align-center\"><strong><strong>Program \u201eAsystent osobisty osoby z niepe\u0142nosprawno\u015bci\u0105\u201d \u2013 edycja 2026<\/strong><\/strong><\/h2>\n\n\n\n<div style=\"height:35px\" aria-hidden=\"true\" class=\"wp-block-spacer\"><\/div>\n\n\n\n<p>Gminny O\u015brodek Pomocy Spo\u0142ecznej w \u0141ubnianach informuje, i\u017c Gmina \u0141ubniany przyst\u0105pi\u0142a do realizacji&nbsp;<strong>Programu \u201e<\/strong><strong>Asystent osobisty osoby z niepe\u0142nosprawno\u015bci\u0105\u201d&nbsp;<\/strong>dla Jednostek Samorz\u0105du Terytorialnego &nbsp;&#8211; edycja 2026, finansowanego ze \u015brodk\u00f3w Pa\u0144stwowego Funduszu Celowego w ramach Funduszu Solidarno\u015bciowego.<strong><\/strong><\/p>\n\n\n\n<p>Gmina \u0141ubniany otrzyma w 2026 roku&nbsp;<strong>\u015brodki Funduszu Solidarno\u015bciowego<\/strong>&nbsp;na realizacj\u0119 zadania w wysoko\u015bci&nbsp;<strong>269&nbsp;430,00 z\u0142<\/strong>&nbsp;oraz na koszty zwi\u0105zane z obs\u0142ug\u0105 zadania w wysoko\u015bci&nbsp;<strong>5&nbsp;388,60 z\u0142<\/strong>. \u0141\u0105czna kwota przeznaczona na realizacj\u0119 zadania wyniesie&nbsp;<strong>274&nbsp;818,60&nbsp;<\/strong>z\u0142.<\/p>\n\n\n\n<p>Planowana liczba os\u00f3b z niepe\u0142nosprawno\u015bciami, kt\u00f3rym zostan\u0105 przyznane us\u0142ugi asystencji osobistej to&nbsp;<strong>15 os\u00f3b<\/strong>. Planowana liczba godzin to&nbsp;<strong>4<\/strong><strong>&nbsp;<\/strong><strong>845.<\/strong><\/p>\n\n\n\n<p>Program jest kierowany do cz\u0142onk\u00f3w rodzin lub opiekun\u00f3w, kt\u00f3rzy wymagaj\u0105 wsparcia w postaci dora\u017anej, czasowej przerwy w sprawowaniu bezpo\u015bredniej opieki nad dzie\u0107mi z orzeczeniem&nbsp;<br>o niepe\u0142nosprawno\u015bci, a tak\u017ce nad osobami posiadaj\u0105cymi orzeczenie o&nbsp;umiarkowanym i&nbsp;znacznym stopniu niepe\u0142nosprawno\u015bci.<\/p>\n\n\n\n<p>G\u0142\u00f3wnym celem Programu jest wprowadzenie us\u0142ug asystencji osobistej jako formy og\u00f3lnodost\u0119pnego wsparcia w wykonywaniu codziennych czynno\u015bci oraz funkcjonowaniu w \u017cyciu spo\u0142ecznym.<\/p>\n\n\n\n<p class=\"has-vivid-cyan-blue-color has-text-color has-link-color wp-elements-4d837e27f3c4919ea10e02cf66bba017\"><strong>Adresatami Programu s\u0105:<\/strong><\/p>\n\n\n\n<p>1.&nbsp;dzieci od uko\u0144czenia 2. roku \u017cycia do uko\u0144czenia 16. roku \u017cycia posiadaj\u0105ce orzeczenie&nbsp;<br>o niepe\u0142nosprawno\u015bci \u0142\u0105cznie ze wskazaniami w pkt 7 i 8 w orzeczeniu&nbsp;<br>o niepe\u0142nosprawno\u015bci \u2013 konieczno\u015bci sta\u0142ej lub d\u0142ugotrwa\u0142ej opieki lub pomocy innej osoby w zwi\u0105zku ze znacznie ograniczon\u0105 mo\u017cliwo\u015bci\u0105 samodzielnej egzystencji oraz konieczno\u015bci sta\u0142ego wsp\u00f3\u0142udzia\u0142u na co dzie\u0144 opiekuna dziecka w procesie jego leczenia, rehabilitacji&nbsp;<br>i edukacji oraz<\/p>\n\n\n\n<p>2.&nbsp;osoby z niepe\u0142nosprawno\u015bciami posiadaj\u0105ce orzeczenie:&nbsp;<\/p>\n\n\n\n<p>o&nbsp;znacznym stopniu niepe\u0142nosprawno\u015bci albo<\/p>\n\n\n\n<p>o&nbsp;umiarkowanym stopniu niepe\u0142nosprawno\u015bci albo<\/p>\n\n\n\n<p>o&nbsp;traktowane na r\u00f3wni z orzeczeniami wymienionymi w lit. a i b, zgodnie z art. 5 i art. 62 ustawy z dnia 27 sierpnia 1997 r. o rehabilitacji zawodowej i spo\u0142ecznej oraz zatrudnianiu os\u00f3b niepe\u0142nosprawnych.<\/p>\n\n\n\n<p class=\"has-vivid-cyan-blue-color has-text-color has-link-color wp-elements-b2dba2c1458c125379f0d81e0c4b9459\"><strong>Us\u0142ugi asystencji osobistej polegaj\u0105 na wspieraniu przez asystenta osoby&nbsp;<\/strong><strong>z niepe\u0142nosprawno\u015bci\u0105 w r\u00f3\u017cnych sferach \u017cycia, w tym:<\/strong><\/p>\n\n\n\n<p>\u2022&nbsp;wsparciu&nbsp;uczestnika w czynno\u015bciach samoobs\u0142ugowych, w tym utrzymaniu higieny osobistej;<\/p>\n\n\n\n<p>\u2022&nbsp;wsparciu&nbsp;uczestnika w prowadzeniu gospodarstwa domowego i wype\u0142nianiu r\u00f3l&nbsp;<br>w rodzinie;<\/p>\n\n\n\n<p>\u2022&nbsp;wsparciu&nbsp;uczestnika w przemieszczaniu si\u0119 poza miejscem zamieszkania;<\/p>\n\n\n\n<p>\u2022&nbsp;wsparciu&nbsp;uczestnika w podejmowaniu aktywno\u015bci \u017cyciowej i komunikowaniu si\u0119&nbsp;<br>z otoczeniem.<\/p>\n\n\n\n<p class=\"has-vivid-cyan-blue-color has-text-color has-link-color wp-elements-9262c0fc16275e07b7046c97279f22c0\"><strong>Udzia\u0142 w programie os\u00f3b z niepe\u0142nosprawno\u015bci\u0105 jest ca\u0142kowicie nieodp\u0142atny.<\/strong><\/p>\n\n\n\n<p>\u2022&nbsp;Zadaniem asystenta nie jest podejmowanie decyzji za osob\u0119 z niepe\u0142nosprawno\u015bci\u0105, lecz wy\u0142\u0105cznie udzielenie jej pomocy lub wsparcia w realizacji osobistych cel\u00f3w.<\/p>\n\n\n\n<p>\u2022&nbsp;Asystent realizuje us\u0142ugi wy\u0142\u0105cznie na rzecz osoby z niepe\u0142nosprawno\u015bci\u0105, na podstawie jej decyzji lub decyzji opiekuna prawnego, a nie dla os\u00f3b trzecich, w tym cz\u0142onk\u00f3w rodziny osoby z niepe\u0142nosprawno\u015bci\u0105.<\/p>\n\n\n\n<p>\u2022&nbsp;W godzinach realizacji us\u0142ug asystencji osobistej, finansowanych ze \u015brodk\u00f3w Funduszu, wobec uczestnika obj\u0119tego us\u0142ugami asystencji osobistej nie mog\u0105 by\u0107 \u015bwiadczone inne&nbsp;formy pomocy us\u0142ugowej, w tym:<\/p>\n\n\n\n<p>\u2022&nbsp;1) us\u0142ugi opieku\u0144cze lub specjalistyczne us\u0142ugi opieku\u0144cze, o kt\u00f3rych mowa w ustawie<\/p>\n\n\n\n<p>\u2022&nbsp;z dnia 12 marca 2004 r. o pomocy spo\u0142ecznej (Dz. U. z 2024 r. poz. 1283, z&nbsp;p\u00f3\u017an. zm.),<\/p>\n\n\n\n<p>\u2022&nbsp;2) us\u0142ugi finansowane ze \u015brodk\u00f3w Funduszu albo finansowane przez Pa\u0144stwowy Fundusz Rehabilitacji Os\u00f3b Niepe\u0142nosprawnych,<\/p>\n\n\n\n<p>\u2022&nbsp;&#8211; o ile obejmuj\u0105 analogiczne wsparcie, o kt\u00f3rym mowa w ust. 17, finansowane ze \u015brodk\u00f3w publicznych.<\/p>\n\n\n\n<p class=\"has-vivid-red-color has-text-color has-link-color wp-elements-3732d48b350a3a78e0441d6a53408b88\"><strong>Termin realizacji programu:<\/strong>&nbsp;&nbsp; 1 stycznia 2026r. &#8211;&nbsp; 31 grudnia 2026r.<\/p>\n\n\n\n<div style=\"height:40px\" aria-hidden=\"true\" class=\"wp-block-spacer\"><\/div>\n\n\n<div class=\"wp-block-image\">\n<figure class=\"aligncenter size-large\"><img loading=\"lazy\" decoding=\"async\" width=\"722\" height=\"1024\" src=\"https:\/\/gopslubniany.pl\/wp-content\/uploads\/2026\/01\/plasyst-722x1024.jpg\" alt=\"\" class=\"wp-image-2008\" srcset=\"http:\/\/gopslubniany.pl\/wp-content\/uploads\/2026\/01\/plasyst-722x1024.jpg 722w, http:\/\/gopslubniany.pl\/wp-content\/uploads\/2026\/01\/plasyst-211x300.jpg 211w, http:\/\/gopslubniany.pl\/wp-content\/uploads\/2026\/01\/plasyst-768x1090.jpg 768w, http:\/\/gopslubniany.pl\/wp-content\/uploads\/2026\/01\/plasyst-1082x1536.jpg 1082w, http:\/\/gopslubniany.pl\/wp-content\/uploads\/2026\/01\/plasyst-1443x2048.jpg 1443w, http:\/\/gopslubniany.pl\/wp-content\/uploads\/2026\/01\/plasyst-437x620.jpg 437w, http:\/\/gopslubniany.pl\/wp-content\/uploads\/2026\/01\/plasyst-705x1000.jpg 705w, http:\/\/gopslubniany.pl\/wp-content\/uploads\/2026\/01\/plasyst-458x650.jpg 458w, http:\/\/gopslubniany.pl\/wp-content\/uploads\/2026\/01\/plasyst-317x450.jpg 317w, http:\/\/gopslubniany.pl\/wp-content\/uploads\/2026\/01\/plasyst.jpg 1670w\" sizes=\"auto, (max-width: 722px) 100vw, 722px\" \/><\/figure><\/div>\n\n\n<div style=\"height:40px\" aria-hidden=\"true\" class=\"wp-block-spacer\"><\/div>\n","protected":false},"excerpt":{"rendered":"<p><span class=\"span-reading-time rt-reading-time\" style=\"display: block;\"><span class=\"rt-label rt-prefix\">Czas czytania: <\/span> <span class=\"rt-time\"> 2<\/span> <span class=\"rt-label rt-postfix\">minuty<\/span><\/span>Program \u201eAsystent osobisty osoby z niepe\u0142nosprawno\u015bci\u0105\u201d \u2013 edycja 2026 Gminny O\u015brodek Pomocy Spo\u0142ecznej w \u0141ubnianach informuje, i\u017c Gmina \u0141ubniany przyst\u0105pi\u0142a do realizacji&nbsp;Programu \u201eAsystent osobisty osoby z niepe\u0142nosprawno\u015bci\u0105\u201d&nbsp;dla Jednostek Samorz\u0105du Terytorialnego&hellip;<a href=\"http:\/\/gopslubniany.pl\/index.php\/2025\/12\/29\/program-asystent-osobisty-osoby-z-niepelnosprawnoscia-dla-jednostek-samorzadu-terytorialnego-edycja-2026\/\" class=\"more-link\"><span class=\"more-button\">Wi\u0119cej informacji<span class=\"screen-reader-text\">Program \u201eAsystent osobisty osoby z niepe\u0142nosprawno\u015bci\u0105\u201d dla Jednostek Samorz\u0105du Terytorialnego \u2013 edycja 2026<\/span><\/span><\/a><\/p>\n","protected":false},"author":1,"featured_media":1992,"comment_status":"closed","ping_status":"closed","sticky":false,"template":"","format":"standard","meta":{"footnotes":""},"categories":[3],"tags":[91,4,83],"class_list":["post-1991","post","type-post","status-publish","format-standard","has-post-thumbnail","hentry","category-aktualnosci","tag-91","tag-aktualnosci","tag-asystent-osobisty-osoby-z-niepelnosprawnoscia"],"_links":{"self":[{"href":"http:\/\/gopslubniany.pl\/index.php\/wp-json\/wp\/v2\/posts\/1991","targetHints":{"allow":["GET"]}}],"collection":[{"href":"http:\/\/gopslubniany.pl\/index.php\/wp-json\/wp\/v2\/posts"}],"about":[{"href":"http:\/\/gopslubniany.pl\/index.php\/wp-json\/wp\/v2\/types\/post"}],"author":[{"embeddable":true,"href":"http:\/\/gopslubniany.pl\/index.php\/wp-json\/wp\/v2\/users\/1"}],"replies":[{"embeddable":true,"href":"http:\/\/gopslubniany.pl\/index.php\/wp-json\/wp\/v2\/comments?post=1991"}],"version-history":[{"count":3,"href":"http:\/\/gopslubniany.pl\/index.php\/wp-json\/wp\/v2\/posts\/1991\/revisions"}],"predecessor-version":[{"id":2017,"href":"http:\/\/gopslubniany.pl\/index.php\/wp-json\/wp\/v2\/posts\/1991\/revisions\/2017"}],"wp:featuredmedia":[{"embeddable":true,"href":"http:\/\/gopslubniany.pl\/index.php\/wp-json\/wp\/v2\/media\/1992"}],"wp:attachment":[{"href":"http:\/\/gopslubniany.pl\/index.php\/wp-json\/wp\/v2\/media?parent=1991"}],"wp:term":[{"taxonomy":"category","embeddable":true,"href":"http:\/\/gopslubniany.pl\/index.php\/wp-json\/wp\/v2\/categories?post=1991"},{"taxonomy":"post_tag","embeddable":true,"href":"http:\/\/gopslubniany.pl\/index.php\/wp-json\/wp\/v2\/tags?post=1991"}],"curies":[{"name":"wp","href":"https:\/\/api.w.org\/{rel}","templated":true}]}}